{"id":17768,"date":"2024-04-02T11:02:23","date_gmt":"2024-04-02T11:02:23","guid":{"rendered":"https:\/\/mariswiss.com\/?p=17768"},"modified":"2024-04-02T11:02:23","modified_gmt":"2024-04-02T11:02:23","slug":"legalisation-du-cannabis-en-allemagne","status":"publish","type":"post","link":"https:\/\/mariswiss.com\/sv\/legalisation-du-cannabis-en-allemagne\/","title":{"rendered":"Legalisering av cannabis i Tyskland: en radikal f\u00f6r\u00e4ndring av den europeiska politiken"},"content":{"rendered":"<h2>Legaliseringen av cannabis i Tyskland :<\/h2>\n<p>Beslutet markerar en betydande f\u00f6r\u00e4ndring av cannabispolitiken i Europa och placerar landet bland de mest progressiva p\u00e5 kontinenten n\u00e4r det g\u00e4ller att reglera \u00e4mnet. Fr\u00e5n och med den 1 april kommer tyska medborgare att kunna lagligt k\u00f6pa cannabis och odla det f\u00f6r personligt bruk, enligt lagstiftning som nyligen antogs efter omfattande diskussioner i det tyska parlamentet. \u00c5tg\u00e4rden, som i stor utstr\u00e4ckning st\u00f6ds av regeringen f\u00f6r kansler Olaf Scholz fr\u00e5n SPD, godk\u00e4ndes av en klar majoritet, trots het debatt och olika kritik.<\/p>\n<div><\/div>\n<div>Denna reform g\u00f6r det m\u00f6jligt att k\u00f6pa upp till 25 gram cannabis per dag genom ideella f\u00f6reningar, samtidigt som odling av tre v\u00e4xter f\u00f6r personlig konsumtion till\u00e5ts. Begr\u00e4nsningar kvarst\u00e5r dock f\u00f6r minder\u00e5riga, med ett totalf\u00f6rbud f\u00f6r personer under 18 \u00e5r. Initiativet fr\u00e5n <a href=\"https:\/\/www.rts.ch\/info\/monde\/2024\/article\/le-cannabis-recreatif-legal-en-allemagne-a-partir-du-1er-avril-28414967.html\" target=\"_blank\" rel=\"nofollow noopener\">Tyskland<\/a> f\u00f6ljer i fotsp\u00e5ren av Malta och Luxemburg, som ocks\u00e5 har legaliserat rekreationsanv\u00e4ndning av cannabis under de senaste \u00e5ren.<\/div>\n<div><\/div>\n<div>Diskussionerna kring lagstiftningen har avsl\u00f6jat skillnader inom regeringskoalitionen, mellan st\u00f6d fr\u00e5n de gr\u00f6na och FDP och tveksamhet inom SPD. Kritiken \u00e4r inte bara politisk; den kommer ocks\u00e5 fr\u00e5n den medicinska och r\u00e4ttsliga sektorn, vilket \u00e5terspeglar oro \u00f6ver effekterna av att legalisera cannabis.<\/div>\n<div><\/div>\n<div>Den allm\u00e4nna opinionen i Tyskland \u00e4r delad, med en svag lutning mot legalisering enligt opinionsunders\u00f6kningar. Huvudsyftet med denna reform \u00e4r dock att kontrollera den svarta marknaden och minska den brottslighet som \u00e4r f\u00f6rknippad med <a href=\"https:\/\/mariswiss.com\/sv\/shop\/\">cannabis<\/a>\u00e4ven om denna strategi ifr\u00e5gas\u00e4tts av oppositionen och olika sociala akt\u00f6rer.<\/div>\n<div><\/div>\n<div>Reglerna \u00e4r str\u00e4nga, s\u00e4rskilt n\u00e4r det g\u00e4ller f\u00f6rbjudna konsumtionsomr\u00e5den i n\u00e4rheten av ungdomar och utbildningsanstalter. <a href=\"https:\/\/mariswiss.com\/sv\/le-cbd-et-le-ski-un-duo-dynamique\/\">idrottare<\/a>. Fr\u00e5n juli kommer odling och distribution att regleras av \"cannabisklubbar\", vilket begr\u00e4nsar f\u00f6rs\u00e4ljningen till kontrollerade kvantiteter per medlem och m\u00e5nad, med s\u00e4rskilda regler f\u00f6r unga vuxna.<\/div>\n<div><\/div>\n<div>Dessa klubbar kommer ocks\u00e5 att spela en roll i distributionen av odlingsmaterial, vilket begr\u00e4nsar antalet fr\u00f6n och sticklingar som \u00e4r tillg\u00e4ngliga f\u00f6r varje medlem. Denna struktur \u00e4r utformad f\u00f6r att kontrollera tillg\u00e5ngen till cannabis och s\u00e4kerst\u00e4lla att hemodling f\u00f6rblir inom lagliga gr\u00e4nser.<\/div>\n<div><\/div>\n<div>F\u00f6r att minska riskerna kommer h\u00e4lsoministeriet att lansera en kampanj f\u00f6r att \u00f6ka medvetenheten om farorna med \u00f6verkonsumtion av cannabis, s\u00e4rskilt bland ungdomar. Slutligen kan pilotprojekt f\u00f6r f\u00f6rs\u00e4ljning av cannabis i specialbutiker inledas, vilket ger en ram f\u00f6r att bed\u00f6ma effektiviteten och effekterna av dessa nya lagar.<\/div>\n<div><\/div>\n<div>Denna utveckling i <a href=\"https:\/\/mariswiss.com\/sv\/livraison-retour\/\">Tyskland<\/a> \u00e4r en del av en bredare trend i Europa d\u00e4r k\u00f6p av laglig, stark cannabis vinner mark, vilket \u00e5terspeglar en f\u00f6r\u00e4ndring i synen p\u00e5 och regleringen av cannabis \u00f6ver hela kontinenten.<\/div>","protected":false},"excerpt":{"rendered":"<p>Legalisering av cannabis i Tyskland: Detta beslut inneb\u00e4r en betydande utveckling av cannabispolitiken i Europa och g\u00f6r Tyskland till ett av de mest progressiva l\u00e4nderna p\u00e5 kontinenten n\u00e4r det g\u00e4ller reglering av substansen. Fr\u00e5n och med den 1 april kommer tyska medborgare att kunna k\u00f6pa cannabis lagligt och odla det f\u00f6r eget bruk.","protected":false},"author":81,"featured_media":17769,"comment_status":"open","ping_status":"open","sticky":false,"template":"","format":"standard","meta":{"inline_featured_image":false,"_jetpack_memberships_contains_paid_content":false,"footnotes":""},"categories":[185],"tags":[],"class_list":["post-17768","post","type-post","status-publish","format-standard","has-post-thumbnail","hentry","category-actualites-cbd"],"jetpack_sharing_enabled":true,"jetpack_featured_media_url":"https:\/\/i0.wp.com\/mariswiss.com\/wp-content\/uploads\/2024\/04\/hstle-1.webp?fit=1200%2C675&ssl=1","_links":{"self":[{"href":"https:\/\/mariswiss.com\/sv\/wp-json\/wp\/v2\/posts\/17768","targetHints":{"allow":["GET"]}}],"collection":[{"href":"https:\/\/mariswiss.com\/sv\/wp-json\/wp\/v2\/posts"}],"about":[{"href":"https:\/\/mariswiss.com\/sv\/wp-json\/wp\/v2\/types\/post"}],"author":[{"embeddable":true,"href":"https:\/\/mariswiss.com\/sv\/wp-json\/wp\/v2\/users\/81"}],"replies":[{"embeddable":true,"href":"https:\/\/mariswiss.com\/sv\/wp-json\/wp\/v2\/comments?post=17768"}],"version-history":[{"count":2,"href":"https:\/\/mariswiss.com\/sv\/wp-json\/wp\/v2\/posts\/17768\/revisions"}],"predecessor-version":[{"id":17771,"href":"https:\/\/mariswiss.com\/sv\/wp-json\/wp\/v2\/posts\/17768\/revisions\/17771"}],"wp:featuredmedia":[{"embeddable":true,"href":"https:\/\/mariswiss.com\/sv\/wp-json\/wp\/v2\/media\/17769"}],"wp:attachment":[{"href":"https:\/\/mariswiss.com\/sv\/wp-json\/wp\/v2\/media?parent=17768"}],"wp:term":[{"taxonomy":"category","embeddable":true,"href":"https:\/\/mariswiss.com\/sv\/wp-json\/wp\/v2\/categories?post=17768"},{"taxonomy":"post_tag","embeddable":true,"href":"https:\/\/mariswiss.com\/sv\/wp-json\/wp\/v2\/tags?post=17768"}],"curies":[{"name":"wp","href":"https:\/\/api.w.org\/{rel}","templated":true}]}}